{"id":1179,"date":"2025-12-03T13:14:00","date_gmt":"2025-12-03T12:14:00","guid":{"rendered":"https:\/\/plumedeciel-leelybrok.fr\/?p=1179"},"modified":"2026-01-03T14:19:38","modified_gmt":"2026-01-03T13:19:38","slug":"la-maise-en-lumieres-decembre-2025","status":"publish","type":"post","link":"https:\/\/plumedeciel-leelybrok.fr\/index.php\/2025\/12\/03\/la-maise-en-lumieres-decembre-2025\/","title":{"rendered":"La Maise en Lumi\u00e8res, d\u00e9cembre 2025"},"content":{"rendered":"\n<figure class=\"wp-block-image size-large\"><img loading=\"lazy\" decoding=\"async\" width=\"726\" height=\"1024\" src=\"https:\/\/plumedeciel-leelybrok.fr\/wp-content\/uploads\/2026\/01\/1-726x1024.jpeg\" alt=\"\" class=\"wp-image-1180\" srcset=\"https:\/\/plumedeciel-leelybrok.fr\/wp-content\/uploads\/2026\/01\/1-726x1024.jpeg 726w, https:\/\/plumedeciel-leelybrok.fr\/wp-content\/uploads\/2026\/01\/1-213x300.jpeg 213w, https:\/\/plumedeciel-leelybrok.fr\/wp-content\/uploads\/2026\/01\/1-768x1083.jpeg 768w, https:\/\/plumedeciel-leelybrok.fr\/wp-content\/uploads\/2026\/01\/1-1090x1536.jpeg 1090w, https:\/\/plumedeciel-leelybrok.fr\/wp-content\/uploads\/2026\/01\/1.jpeg 1240w\" sizes=\"auto, (max-width: 726px) 100vw, 726px\" \/><\/figure>\n\n\n\n<blockquote class=\"wp-block-quote is-layout-flow wp-block-quote-is-layout-flow\">\n<p>Participation comme artiste adh\u00e9rente du Collectif \u00e0 \u00ab\u00a0La Maise en Lumi\u00e8res\u00a0\u00bb. Deux semaines pour d\u00e9couvrir un lieu artistique alternatif haute en couleurs et en cr\u00e9ativit\u00e9 \u00e0 la Motte-Servolex. Expositions temporaires et permanente, pr\u00e9sentation des ateliers, illumination tous les soirs et concerts deux week-ends de suite.<\/p>\n<\/blockquote>\n","protected":false},"excerpt":{"rendered":"<p>Participation comme artiste adh\u00e9rente du Collectif \u00e0 \u00ab\u00a0La Maise en Lumi\u00e8res\u00a0\u00bb. Deux semaines pour d\u00e9couvrir un lieu artistique alternatif haute en couleurs et en cr\u00e9ativit\u00e9 \u00e0 la Motte-Servolex. Expositions temporaires et permanente, pr\u00e9sentation des ateliers, illumination tous les soirs et concerts deux week-ends de suite.<\/p>\n","protected":false},"author":1,"featured_media":0,"comment_status":"open","ping_status":"open","sticky":false,"template":"","format":"standard","meta":{"footnotes":""},"categories":[1],"tags":[],"class_list":["post-1179","post","type-post","status-publish","format-standard","hentry","category-non-classe"],"yoast_head":"<!-- This site is optimized with the Yoast SEO plugin v27.5 - https:\/\/yoast.com\/product\/yoast-seo-wordpress\/ -->\n<title>La Maise en Lumi\u00e8res, d\u00e9cembre 2025 - PLUME de CIEL<\/title>\n<meta name=\"description\" content=\"Participation comme artiste adh\u00e9rente du Collectif \u00e0 &quot;La Maise en Lumi\u00e8res&quot;. Deux semaines pour d\u00e9couvrir un lieu artistique alternatif haute en couleurs et en cr\u00e9ativit\u00e9 \u00e0 la Motte-Servolex. Expositions temporaires et permanente, pr\u00e9sentation des ateliers, illumination tous les soirs et concerts deux week-ends de suite.\" \/>\n<meta name=\"robots\" content=\"index, follow, max-snippet:-1, max-image-preview:large, max-video-preview:-1\" \/>\n<link rel=\"canonical\" href=\"https:\/\/plumedeciel-leelybrok.fr\/index.php\/2025\/12\/03\/la-maise-en-lumieres-decembre-2025\/\" \/>\n<meta property=\"og:locale\" content=\"fr_FR\" \/>\n<meta property=\"og:type\" content=\"article\" \/>\n<meta property=\"og:title\" content=\"La Maise en Lumi\u00e8res, d\u00e9cembre 2025 - PLUME de CIEL\" \/>\n<meta property=\"og:description\" content=\"Participation comme artiste adh\u00e9rente du Collectif \u00e0 &quot;La Maise en Lumi\u00e8res&quot;. Deux semaines pour d\u00e9couvrir un lieu artistique alternatif haute en couleurs et en cr\u00e9ativit\u00e9 \u00e0 la Motte-Servolex. Expositions temporaires et permanente, pr\u00e9sentation des ateliers, illumination tous les soirs et concerts deux week-ends de suite.\" \/>\n<meta property=\"og:url\" content=\"https:\/\/plumedeciel-leelybrok.fr\/index.php\/2025\/12\/03\/la-maise-en-lumieres-decembre-2025\/\" \/>\n<meta property=\"og:site_name\" content=\"PLUME de CIEL\" \/>\n<meta property=\"article:publisher\" content=\"https:\/\/www.facebook.com\/leelybrok\/\" \/>\n<meta property=\"article:published_time\" content=\"2025-12-03T12:14:00+00:00\" \/>\n<meta property=\"article:modified_time\" content=\"2026-01-03T13:19:38+00:00\" \/>\n<meta property=\"og:image\" content=\"https:\/\/plumedeciel-leelybrok.fr\/wp-content\/uploads\/2026\/01\/1-726x1024.jpeg\" \/>\n<meta name=\"author\" content=\"leelybrok\" \/>\n<meta name=\"twitter:card\" content=\"summary_large_image\" \/>\n<meta name=\"twitter:label1\" content=\"\u00c9crit par\" \/>\n\t<meta name=\"twitter:data1\" content=\"leelybrok\" \/>\n<script type=\"application\/ld+json\" class=\"yoast-schema-graph\">{\"@context\":\"https:\\\/\\\/schema.org\",\"@graph\":[{\"@type\":\"Article\",\"@id\":\"https:\\\/\\\/plumedeciel-leelybrok.fr\\\/index.php\\\/2025\\\/12\\\/03\\\/la-maise-en-lumieres-decembre-2025\\\/#article\",\"isPartOf\":{\"@id\":\"https:\\\/\\\/plumedeciel-leelybrok.fr\\\/index.php\\\/2025\\\/12\\\/03\\\/la-maise-en-lumieres-decembre-2025\\\/\"},\"author\":{\"name\":\"leelybrok\",\"@id\":\"https:\\\/\\\/plumedeciel-leelybrok.fr\\\/#\\\/schema\\\/person\\\/6c2c968b9bb2c06af5965a8a3aa8e15d\"},\"headline\":\"La Maise en Lumi\u00e8res, d\u00e9cembre 2025\",\"datePublished\":\"2025-12-03T12:14:00+00:00\",\"dateModified\":\"2026-01-03T13:19:38+00:00\",\"mainEntityOfPage\":{\"@id\":\"https:\\\/\\\/plumedeciel-leelybrok.fr\\\/index.php\\\/2025\\\/12\\\/03\\\/la-maise-en-lumieres-decembre-2025\\\/\"},\"wordCount\":55,\"commentCount\":0,\"publisher\":{\"@id\":\"https:\\\/\\\/plumedeciel-leelybrok.fr\\\/#organization\"},\"image\":{\"@id\":\"https:\\\/\\\/plumedeciel-leelybrok.fr\\\/index.php\\\/2025\\\/12\\\/03\\\/la-maise-en-lumieres-decembre-2025\\\/#primaryimage\"},\"thumbnailUrl\":\"https:\\\/\\\/plumedeciel-leelybrok.fr\\\/wp-content\\\/uploads\\\/2026\\\/01\\\/1-726x1024.jpeg\",\"inLanguage\":\"fr-FR\",\"potentialAction\":[{\"@type\":\"CommentAction\",\"name\":\"Comment\",\"target\":[\"https:\\\/\\\/plumedeciel-leelybrok.fr\\\/index.php\\\/2025\\\/12\\\/03\\\/la-maise-en-lumieres-decembre-2025\\\/#respond\"]}]},{\"@type\":\"WebPage\",\"@id\":\"https:\\\/\\\/plumedeciel-leelybrok.fr\\\/index.php\\\/2025\\\/12\\\/03\\\/la-maise-en-lumieres-decembre-2025\\\/\",\"url\":\"https:\\\/\\\/plumedeciel-leelybrok.fr\\\/index.php\\\/2025\\\/12\\\/03\\\/la-maise-en-lumieres-decembre-2025\\\/\",\"name\":\"La Maise en Lumi\u00e8res, d\u00e9cembre 2025 - PLUME de CIEL\",\"isPartOf\":{\"@id\":\"https:\\\/\\\/plumedeciel-leelybrok.fr\\\/#website\"},\"primaryImageOfPage\":{\"@id\":\"https:\\\/\\\/plumedeciel-leelybrok.fr\\\/index.php\\\/2025\\\/12\\\/03\\\/la-maise-en-lumieres-decembre-2025\\\/#primaryimage\"},\"image\":{\"@id\":\"https:\\\/\\\/plumedeciel-leelybrok.fr\\\/index.php\\\/2025\\\/12\\\/03\\\/la-maise-en-lumieres-decembre-2025\\\/#primaryimage\"},\"thumbnailUrl\":\"https:\\\/\\\/plumedeciel-leelybrok.fr\\\/wp-content\\\/uploads\\\/2026\\\/01\\\/1-726x1024.jpeg\",\"datePublished\":\"2025-12-03T12:14:00+00:00\",\"dateModified\":\"2026-01-03T13:19:38+00:00\",\"description\":\"Participation comme artiste adh\u00e9rente du Collectif \u00e0 \\\"La Maise en Lumi\u00e8res\\\". Deux semaines pour d\u00e9couvrir un lieu artistique alternatif haute en couleurs et en cr\u00e9ativit\u00e9 \u00e0 la Motte-Servolex. Expositions temporaires et permanente, pr\u00e9sentation des ateliers, illumination tous les soirs et concerts deux week-ends de suite.\",\"breadcrumb\":{\"@id\":\"https:\\\/\\\/plumedeciel-leelybrok.fr\\\/index.php\\\/2025\\\/12\\\/03\\\/la-maise-en-lumieres-decembre-2025\\\/#breadcrumb\"},\"inLanguage\":\"fr-FR\",\"potentialAction\":[{\"@type\":\"ReadAction\",\"target\":[\"https:\\\/\\\/plumedeciel-leelybrok.fr\\\/index.php\\\/2025\\\/12\\\/03\\\/la-maise-en-lumieres-decembre-2025\\\/\"]}]},{\"@type\":\"ImageObject\",\"inLanguage\":\"fr-FR\",\"@id\":\"https:\\\/\\\/plumedeciel-leelybrok.fr\\\/index.php\\\/2025\\\/12\\\/03\\\/la-maise-en-lumieres-decembre-2025\\\/#primaryimage\",\"url\":\"https:\\\/\\\/plumedeciel-leelybrok.fr\\\/wp-content\\\/uploads\\\/2026\\\/01\\\/1.jpeg\",\"contentUrl\":\"https:\\\/\\\/plumedeciel-leelybrok.fr\\\/wp-content\\\/uploads\\\/2026\\\/01\\\/1.jpeg\",\"width\":1240,\"height\":1748},{\"@type\":\"BreadcrumbList\",\"@id\":\"https:\\\/\\\/plumedeciel-leelybrok.fr\\\/index.php\\\/2025\\\/12\\\/03\\\/la-maise-en-lumieres-decembre-2025\\\/#breadcrumb\",\"itemListElement\":[{\"@type\":\"ListItem\",\"position\":1,\"name\":\"Accueil\",\"item\":\"https:\\\/\\\/plumedeciel-leelybrok.fr\\\/\"},{\"@type\":\"ListItem\",\"position\":2,\"name\":\"La Maise en Lumi\u00e8res, d\u00e9cembre 2025\"}]},{\"@type\":\"WebSite\",\"@id\":\"https:\\\/\\\/plumedeciel-leelybrok.fr\\\/#website\",\"url\":\"https:\\\/\\\/plumedeciel-leelybrok.fr\\\/\",\"name\":\"Plume de Ciel\",\"description\":\"Par Lee Ly Brok\",\"publisher\":{\"@id\":\"https:\\\/\\\/plumedeciel-leelybrok.fr\\\/#organization\"},\"potentialAction\":[{\"@type\":\"SearchAction\",\"target\":{\"@type\":\"EntryPoint\",\"urlTemplate\":\"https:\\\/\\\/plumedeciel-leelybrok.fr\\\/?s={search_term_string}\"},\"query-input\":{\"@type\":\"PropertyValueSpecification\",\"valueRequired\":true,\"valueName\":\"search_term_string\"}}],\"inLanguage\":\"fr-FR\"},{\"@type\":\"Organization\",\"@id\":\"https:\\\/\\\/plumedeciel-leelybrok.fr\\\/#organization\",\"name\":\"Plume de ciel\",\"url\":\"https:\\\/\\\/plumedeciel-leelybrok.fr\\\/\",\"logo\":{\"@type\":\"ImageObject\",\"inLanguage\":\"fr-FR\",\"@id\":\"https:\\\/\\\/plumedeciel-leelybrok.fr\\\/#\\\/schema\\\/logo\\\/image\\\/\",\"url\":\"https:\\\/\\\/plumedeciel-leelybrok.fr\\\/wp-content\\\/uploads\\\/2019\\\/04\\\/fullsizeoutput_10c2-793x1024.jpeg\",\"contentUrl\":\"https:\\\/\\\/plumedeciel-leelybrok.fr\\\/wp-content\\\/uploads\\\/2019\\\/04\\\/fullsizeoutput_10c2-793x1024.jpeg\",\"width\":793,\"height\":1024,\"caption\":\"Plume de ciel\"},\"image\":{\"@id\":\"https:\\\/\\\/plumedeciel-leelybrok.fr\\\/#\\\/schema\\\/logo\\\/image\\\/\"},\"sameAs\":[\"https:\\\/\\\/www.facebook.com\\\/leelybrok\\\/\"]},{\"@type\":\"Person\",\"@id\":\"https:\\\/\\\/plumedeciel-leelybrok.fr\\\/#\\\/schema\\\/person\\\/6c2c968b9bb2c06af5965a8a3aa8e15d\",\"name\":\"leelybrok\",\"image\":{\"@type\":\"ImageObject\",\"inLanguage\":\"fr-FR\",\"@id\":\"https:\\\/\\\/secure.gravatar.com\\\/avatar\\\/f98271252620129f44f4cedd470f94501a25f29109d64eac324be7137cc536b3?s=96&d=mm&r=g\",\"url\":\"https:\\\/\\\/secure.gravatar.com\\\/avatar\\\/f98271252620129f44f4cedd470f94501a25f29109d64eac324be7137cc536b3?s=96&d=mm&r=g\",\"contentUrl\":\"https:\\\/\\\/secure.gravatar.com\\\/avatar\\\/f98271252620129f44f4cedd470f94501a25f29109d64eac324be7137cc536b3?s=96&d=mm&r=g\",\"caption\":\"leelybrok\"}}]}<\/script>\n<!-- \/ Yoast SEO plugin. -->","yoast_head_json":{"title":"La Maise en Lumi\u00e8res, d\u00e9cembre 2025 - PLUME de CIEL","description":"Participation comme artiste adh\u00e9rente du Collectif \u00e0 \"La Maise en Lumi\u00e8res\". Deux semaines pour d\u00e9couvrir un lieu artistique alternatif haute en couleurs et en cr\u00e9ativit\u00e9 \u00e0 la Motte-Servolex. Expositions temporaires et permanente, pr\u00e9sentation des ateliers, illumination tous les soirs et concerts deux week-ends de suite.","robots":{"index":"index","follow":"follow","max-snippet":"max-snippet:-1","max-image-preview":"max-image-preview:large","max-video-preview":"max-video-preview:-1"},"canonical":"https:\/\/plumedeciel-leelybrok.fr\/index.php\/2025\/12\/03\/la-maise-en-lumieres-decembre-2025\/","og_locale":"fr_FR","og_type":"article","og_title":"La Maise en Lumi\u00e8res, d\u00e9cembre 2025 - PLUME de CIEL","og_description":"Participation comme artiste adh\u00e9rente du Collectif \u00e0 \"La Maise en Lumi\u00e8res\". Deux semaines pour d\u00e9couvrir un lieu artistique alternatif haute en couleurs et en cr\u00e9ativit\u00e9 \u00e0 la Motte-Servolex. Expositions temporaires et permanente, pr\u00e9sentation des ateliers, illumination tous les soirs et concerts deux week-ends de suite.","og_url":"https:\/\/plumedeciel-leelybrok.fr\/index.php\/2025\/12\/03\/la-maise-en-lumieres-decembre-2025\/","og_site_name":"PLUME de CIEL","article_publisher":"https:\/\/www.facebook.com\/leelybrok\/","article_published_time":"2025-12-03T12:14:00+00:00","article_modified_time":"2026-01-03T13:19:38+00:00","og_image":[{"url":"https:\/\/plumedeciel-leelybrok.fr\/wp-content\/uploads\/2026\/01\/1-726x1024.jpeg","type":"","width":"","height":""}],"author":"leelybrok","twitter_card":"summary_large_image","twitter_misc":{"\u00c9crit par":"leelybrok"},"schema":{"@context":"https:\/\/schema.org","@graph":[{"@type":"Article","@id":"https:\/\/plumedeciel-leelybrok.fr\/index.php\/2025\/12\/03\/la-maise-en-lumieres-decembre-2025\/#article","isPartOf":{"@id":"https:\/\/plumedeciel-leelybrok.fr\/index.php\/2025\/12\/03\/la-maise-en-lumieres-decembre-2025\/"},"author":{"name":"leelybrok","@id":"https:\/\/plumedeciel-leelybrok.fr\/#\/schema\/person\/6c2c968b9bb2c06af5965a8a3aa8e15d"},"headline":"La Maise en Lumi\u00e8res, d\u00e9cembre 2025","datePublished":"2025-12-03T12:14:00+00:00","dateModified":"2026-01-03T13:19:38+00:00","mainEntityOfPage":{"@id":"https:\/\/plumedeciel-leelybrok.fr\/index.php\/2025\/12\/03\/la-maise-en-lumieres-decembre-2025\/"},"wordCount":55,"commentCount":0,"publisher":{"@id":"https:\/\/plumedeciel-leelybrok.fr\/#organization"},"image":{"@id":"https:\/\/plumedeciel-leelybrok.fr\/index.php\/2025\/12\/03\/la-maise-en-lumieres-decembre-2025\/#primaryimage"},"thumbnailUrl":"https:\/\/plumedeciel-leelybrok.fr\/wp-content\/uploads\/2026\/01\/1-726x1024.jpeg","inLanguage":"fr-FR","potentialAction":[{"@type":"CommentAction","name":"Comment","target":["https:\/\/plumedeciel-leelybrok.fr\/index.php\/2025\/12\/03\/la-maise-en-lumieres-decembre-2025\/#respond"]}]},{"@type":"WebPage","@id":"https:\/\/plumedeciel-leelybrok.fr\/index.php\/2025\/12\/03\/la-maise-en-lumieres-decembre-2025\/","url":"https:\/\/plumedeciel-leelybrok.fr\/index.php\/2025\/12\/03\/la-maise-en-lumieres-decembre-2025\/","name":"La Maise en Lumi\u00e8res, d\u00e9cembre 2025 - PLUME de CIEL","isPartOf":{"@id":"https:\/\/plumedeciel-leelybrok.fr\/#website"},"primaryImageOfPage":{"@id":"https:\/\/plumedeciel-leelybrok.fr\/index.php\/2025\/12\/03\/la-maise-en-lumieres-decembre-2025\/#primaryimage"},"image":{"@id":"https:\/\/plumedeciel-leelybrok.fr\/index.php\/2025\/12\/03\/la-maise-en-lumieres-decembre-2025\/#primaryimage"},"thumbnailUrl":"https:\/\/plumedeciel-leelybrok.fr\/wp-content\/uploads\/2026\/01\/1-726x1024.jpeg","datePublished":"2025-12-03T12:14:00+00:00","dateModified":"2026-01-03T13:19:38+00:00","description":"Participation comme artiste adh\u00e9rente du Collectif \u00e0 \"La Maise en Lumi\u00e8res\". Deux semaines pour d\u00e9couvrir un lieu artistique alternatif haute en couleurs et en cr\u00e9ativit\u00e9 \u00e0 la Motte-Servolex. Expositions temporaires et permanente, pr\u00e9sentation des ateliers, illumination tous les soirs et concerts deux week-ends de suite.","breadcrumb":{"@id":"https:\/\/plumedeciel-leelybrok.fr\/index.php\/2025\/12\/03\/la-maise-en-lumieres-decembre-2025\/#breadcrumb"},"inLanguage":"fr-FR","potentialAction":[{"@type":"ReadAction","target":["https:\/\/plumedeciel-leelybrok.fr\/index.php\/2025\/12\/03\/la-maise-en-lumieres-decembre-2025\/"]}]},{"@type":"ImageObject","inLanguage":"fr-FR","@id":"https:\/\/plumedeciel-leelybrok.fr\/index.php\/2025\/12\/03\/la-maise-en-lumieres-decembre-2025\/#primaryimage","url":"https:\/\/plumedeciel-leelybrok.fr\/wp-content\/uploads\/2026\/01\/1.jpeg","contentUrl":"https:\/\/plumedeciel-leelybrok.fr\/wp-content\/uploads\/2026\/01\/1.jpeg","width":1240,"height":1748},{"@type":"BreadcrumbList","@id":"https:\/\/plumedeciel-leelybrok.fr\/index.php\/2025\/12\/03\/la-maise-en-lumieres-decembre-2025\/#breadcrumb","itemListElement":[{"@type":"ListItem","position":1,"name":"Accueil","item":"https:\/\/plumedeciel-leelybrok.fr\/"},{"@type":"ListItem","position":2,"name":"La Maise en Lumi\u00e8res, d\u00e9cembre 2025"}]},{"@type":"WebSite","@id":"https:\/\/plumedeciel-leelybrok.fr\/#website","url":"https:\/\/plumedeciel-leelybrok.fr\/","name":"Plume de Ciel","description":"Par Lee Ly Brok","publisher":{"@id":"https:\/\/plumedeciel-leelybrok.fr\/#organization"},"potentialAction":[{"@type":"SearchAction","target":{"@type":"EntryPoint","urlTemplate":"https:\/\/plumedeciel-leelybrok.fr\/?s={search_term_string}"},"query-input":{"@type":"PropertyValueSpecification","valueRequired":true,"valueName":"search_term_string"}}],"inLanguage":"fr-FR"},{"@type":"Organization","@id":"https:\/\/plumedeciel-leelybrok.fr\/#organization","name":"Plume de ciel","url":"https:\/\/plumedeciel-leelybrok.fr\/","logo":{"@type":"ImageObject","inLanguage":"fr-FR","@id":"https:\/\/plumedeciel-leelybrok.fr\/#\/schema\/logo\/image\/","url":"https:\/\/plumedeciel-leelybrok.fr\/wp-content\/uploads\/2019\/04\/fullsizeoutput_10c2-793x1024.jpeg","contentUrl":"https:\/\/plumedeciel-leelybrok.fr\/wp-content\/uploads\/2019\/04\/fullsizeoutput_10c2-793x1024.jpeg","width":793,"height":1024,"caption":"Plume de ciel"},"image":{"@id":"https:\/\/plumedeciel-leelybrok.fr\/#\/schema\/logo\/image\/"},"sameAs":["https:\/\/www.facebook.com\/leelybrok\/"]},{"@type":"Person","@id":"https:\/\/plumedeciel-leelybrok.fr\/#\/schema\/person\/6c2c968b9bb2c06af5965a8a3aa8e15d","name":"leelybrok","image":{"@type":"ImageObject","inLanguage":"fr-FR","@id":"https:\/\/secure.gravatar.com\/avatar\/f98271252620129f44f4cedd470f94501a25f29109d64eac324be7137cc536b3?s=96&d=mm&r=g","url":"https:\/\/secure.gravatar.com\/avatar\/f98271252620129f44f4cedd470f94501a25f29109d64eac324be7137cc536b3?s=96&d=mm&r=g","contentUrl":"https:\/\/secure.gravatar.com\/avatar\/f98271252620129f44f4cedd470f94501a25f29109d64eac324be7137cc536b3?s=96&d=mm&r=g","caption":"leelybrok"}}]}},"_links":{"self":[{"href":"https:\/\/plumedeciel-leelybrok.fr\/index.php\/wp-json\/wp\/v2\/posts\/1179","targetHints":{"allow":["GET"]}}],"collection":[{"href":"https:\/\/plumedeciel-leelybrok.fr\/index.php\/wp-json\/wp\/v2\/posts"}],"about":[{"href":"https:\/\/plumedeciel-leelybrok.fr\/index.php\/wp-json\/wp\/v2\/types\/post"}],"author":[{"embeddable":true,"href":"https:\/\/plumedeciel-leelybrok.fr\/index.php\/wp-json\/wp\/v2\/users\/1"}],"replies":[{"embeddable":true,"href":"https:\/\/plumedeciel-leelybrok.fr\/index.php\/wp-json\/wp\/v2\/comments?post=1179"}],"version-history":[{"count":2,"href":"https:\/\/plumedeciel-leelybrok.fr\/index.php\/wp-json\/wp\/v2\/posts\/1179\/revisions"}],"predecessor-version":[{"id":1190,"href":"https:\/\/plumedeciel-leelybrok.fr\/index.php\/wp-json\/wp\/v2\/posts\/1179\/revisions\/1190"}],"wp:attachment":[{"href":"https:\/\/plumedeciel-leelybrok.fr\/index.php\/wp-json\/wp\/v2\/media?parent=1179"}],"wp:term":[{"taxonomy":"category","embeddable":true,"href":"https:\/\/plumedeciel-leelybrok.fr\/index.php\/wp-json\/wp\/v2\/categories?post=1179"},{"taxonomy":"post_tag","embeddable":true,"href":"https:\/\/plumedeciel-leelybrok.fr\/index.php\/wp-json\/wp\/v2\/tags?post=1179"}],"curies":[{"name":"wp","href":"https:\/\/api.w.org\/{rel}","templated":true}]}}