{"id":294,"date":"2019-04-26T19:47:03","date_gmt":"2019-04-26T17:47:03","guid":{"rendered":"http:\/\/plumedeciel-leelybrok.fr\/?p=294"},"modified":"2019-04-26T19:48:48","modified_gmt":"2019-04-26T17:48:48","slug":"marche-de-createurs-a-la-bauche-le-28-avril-2019","status":"publish","type":"post","link":"https:\/\/plumedeciel-leelybrok.fr\/index.php\/2019\/04\/26\/marche-de-createurs-a-la-bauche-le-28-avril-2019\/","title":{"rendered":"March\u00e9 de cr\u00e9ateurs \u00e0 la Bauche le 28 avril 2019"},"content":{"rendered":"<p>Une quinzaine de petites b\u00eates en laine feutr\u00e9e \u00e0 l&rsquo;aiguille, quelques mobiles chouettes \u2026 et en route pour la Bauche !<\/p>\n<p><img loading=\"lazy\" decoding=\"async\" class=\"alignnone  wp-image-295 aligncenter\" src=\"http:\/\/plumedeciel-leelybrok.fr\/wp-content\/uploads\/2019\/04\/fullsizeoutput_ee5-300x209.jpeg\" alt=\"fullsizeoutput_ee5\" width=\"487\" height=\"339\" srcset=\"https:\/\/plumedeciel-leelybrok.fr\/wp-content\/uploads\/2019\/04\/fullsizeoutput_ee5-300x209.jpeg 300w, https:\/\/plumedeciel-leelybrok.fr\/wp-content\/uploads\/2019\/04\/fullsizeoutput_ee5-768x535.jpeg 768w, https:\/\/plumedeciel-leelybrok.fr\/wp-content\/uploads\/2019\/04\/fullsizeoutput_ee5-1024x713.jpeg 1024w, https:\/\/plumedeciel-leelybrok.fr\/wp-content\/uploads\/2019\/04\/fullsizeoutput_ee5.jpeg 1486w\" sizes=\"auto, (max-width: 487px) 100vw, 487px\" \/><\/p>\n<p><img loading=\"lazy\" decoding=\"async\" class=\"alignnone  wp-image-296 aligncenter\" src=\"http:\/\/plumedeciel-leelybrok.fr\/wp-content\/uploads\/2019\/04\/fullsizeoutput_ef5-300x237.jpeg\" alt=\"fullsizeoutput_ef5\" width=\"445\" height=\"351\" srcset=\"https:\/\/plumedeciel-leelybrok.fr\/wp-content\/uploads\/2019\/04\/fullsizeoutput_ef5-300x237.jpeg 300w, https:\/\/plumedeciel-leelybrok.fr\/wp-content\/uploads\/2019\/04\/fullsizeoutput_ef5-768x607.jpeg 768w, https:\/\/plumedeciel-leelybrok.fr\/wp-content\/uploads\/2019\/04\/fullsizeoutput_ef5-1024x809.jpeg 1024w\" sizes=\"auto, (max-width: 445px) 100vw, 445px\" \/><\/p>\n","protected":false},"excerpt":{"rendered":"<p>Une quinzaine de petites b\u00eates en laine feutr\u00e9e \u00e0 l&rsquo;aiguille, quelques mobiles chouettes \u2026 et en route pour la Bauche !<\/p>\n","protected":false},"author":1,"featured_media":0,"comment_status":"open","ping_status":"open","sticky":false,"template":"","format":"standard","meta":{"footnotes":""},"categories":[1],"tags":[],"class_list":["post-294","post","type-post","status-publish","format-standard","hentry","category-non-classe"],"yoast_head":"<!-- This site is optimized with the Yoast SEO plugin v27.5 - https:\/\/yoast.com\/product\/yoast-seo-wordpress\/ -->\n<title>March\u00e9 de cr\u00e9ateurs \u00e0 la Bauche le 28 avril 2019 - PLUME de CIEL<\/title>\n<meta name=\"robots\" content=\"index, follow, max-snippet:-1, max-image-preview:large, max-video-preview:-1\" \/>\n<link rel=\"canonical\" href=\"https:\/\/plumedeciel-leelybrok.fr\/index.php\/2019\/04\/26\/marche-de-createurs-a-la-bauche-le-28-avril-2019\/\" \/>\n<meta property=\"og:locale\" content=\"fr_FR\" \/>\n<meta property=\"og:type\" content=\"article\" \/>\n<meta property=\"og:title\" content=\"March\u00e9 de cr\u00e9ateurs \u00e0 la Bauche le 28 avril 2019 - PLUME de CIEL\" \/>\n<meta property=\"og:description\" content=\"Une quinzaine de petites b\u00eates en laine feutr\u00e9e \u00e0 l&rsquo;aiguille, quelques mobiles chouettes \u2026 et en route pour la Bauche !\" \/>\n<meta property=\"og:url\" content=\"https:\/\/plumedeciel-leelybrok.fr\/index.php\/2019\/04\/26\/marche-de-createurs-a-la-bauche-le-28-avril-2019\/\" \/>\n<meta property=\"og:site_name\" content=\"PLUME de CIEL\" \/>\n<meta property=\"article:publisher\" content=\"https:\/\/www.facebook.com\/leelybrok\/\" \/>\n<meta property=\"article:published_time\" content=\"2019-04-26T17:47:03+00:00\" \/>\n<meta property=\"article:modified_time\" content=\"2019-04-26T17:48:48+00:00\" \/>\n<meta property=\"og:image\" content=\"https:\/\/plumedeciel-leelybrok.fr\/wp-content\/uploads\/2019\/04\/fullsizeoutput_ee5.jpeg\" \/>\n\t<meta property=\"og:image:width\" content=\"1486\" \/>\n\t<meta property=\"og:image:height\" content=\"1035\" \/>\n\t<meta property=\"og:image:type\" content=\"image\/jpeg\" \/>\n<meta name=\"author\" content=\"leelybrok\" \/>\n<meta name=\"twitter:card\" content=\"summary_large_image\" \/>\n<meta name=\"twitter:label1\" content=\"\u00c9crit par\" \/>\n\t<meta name=\"twitter:data1\" content=\"leelybrok\" \/>\n<script type=\"application\/ld+json\" class=\"yoast-schema-graph\">{\"@context\":\"https:\\\/\\\/schema.org\",\"@graph\":[{\"@type\":\"Article\",\"@id\":\"https:\\\/\\\/plumedeciel-leelybrok.fr\\\/index.php\\\/2019\\\/04\\\/26\\\/marche-de-createurs-a-la-bauche-le-28-avril-2019\\\/#article\",\"isPartOf\":{\"@id\":\"https:\\\/\\\/plumedeciel-leelybrok.fr\\\/index.php\\\/2019\\\/04\\\/26\\\/marche-de-createurs-a-la-bauche-le-28-avril-2019\\\/\"},\"author\":{\"name\":\"leelybrok\",\"@id\":\"https:\\\/\\\/plumedeciel-leelybrok.fr\\\/#\\\/schema\\\/person\\\/6c2c968b9bb2c06af5965a8a3aa8e15d\"},\"headline\":\"March\u00e9 de cr\u00e9ateurs \u00e0 la Bauche le 28 avril 2019\",\"datePublished\":\"2019-04-26T17:47:03+00:00\",\"dateModified\":\"2019-04-26T17:48:48+00:00\",\"mainEntityOfPage\":{\"@id\":\"https:\\\/\\\/plumedeciel-leelybrok.fr\\\/index.php\\\/2019\\\/04\\\/26\\\/marche-de-createurs-a-la-bauche-le-28-avril-2019\\\/\"},\"wordCount\":29,\"commentCount\":0,\"publisher\":{\"@id\":\"https:\\\/\\\/plumedeciel-leelybrok.fr\\\/#organization\"},\"image\":{\"@id\":\"https:\\\/\\\/plumedeciel-leelybrok.fr\\\/index.php\\\/2019\\\/04\\\/26\\\/marche-de-createurs-a-la-bauche-le-28-avril-2019\\\/#primaryimage\"},\"thumbnailUrl\":\"http:\\\/\\\/plumedeciel-leelybrok.fr\\\/wp-content\\\/uploads\\\/2019\\\/04\\\/fullsizeoutput_ee5-300x209.jpeg\",\"inLanguage\":\"fr-FR\",\"potentialAction\":[{\"@type\":\"CommentAction\",\"name\":\"Comment\",\"target\":[\"https:\\\/\\\/plumedeciel-leelybrok.fr\\\/index.php\\\/2019\\\/04\\\/26\\\/marche-de-createurs-a-la-bauche-le-28-avril-2019\\\/#respond\"]}]},{\"@type\":\"WebPage\",\"@id\":\"https:\\\/\\\/plumedeciel-leelybrok.fr\\\/index.php\\\/2019\\\/04\\\/26\\\/marche-de-createurs-a-la-bauche-le-28-avril-2019\\\/\",\"url\":\"https:\\\/\\\/plumedeciel-leelybrok.fr\\\/index.php\\\/2019\\\/04\\\/26\\\/marche-de-createurs-a-la-bauche-le-28-avril-2019\\\/\",\"name\":\"March\u00e9 de cr\u00e9ateurs \u00e0 la Bauche le 28 avril 2019 - PLUME de CIEL\",\"isPartOf\":{\"@id\":\"https:\\\/\\\/plumedeciel-leelybrok.fr\\\/#website\"},\"primaryImageOfPage\":{\"@id\":\"https:\\\/\\\/plumedeciel-leelybrok.fr\\\/index.php\\\/2019\\\/04\\\/26\\\/marche-de-createurs-a-la-bauche-le-28-avril-2019\\\/#primaryimage\"},\"image\":{\"@id\":\"https:\\\/\\\/plumedeciel-leelybrok.fr\\\/index.php\\\/2019\\\/04\\\/26\\\/marche-de-createurs-a-la-bauche-le-28-avril-2019\\\/#primaryimage\"},\"thumbnailUrl\":\"http:\\\/\\\/plumedeciel-leelybrok.fr\\\/wp-content\\\/uploads\\\/2019\\\/04\\\/fullsizeoutput_ee5-300x209.jpeg\",\"datePublished\":\"2019-04-26T17:47:03+00:00\",\"dateModified\":\"2019-04-26T17:48:48+00:00\",\"breadcrumb\":{\"@id\":\"https:\\\/\\\/plumedeciel-leelybrok.fr\\\/index.php\\\/2019\\\/04\\\/26\\\/marche-de-createurs-a-la-bauche-le-28-avril-2019\\\/#breadcrumb\"},\"inLanguage\":\"fr-FR\",\"potentialAction\":[{\"@type\":\"ReadAction\",\"target\":[\"https:\\\/\\\/plumedeciel-leelybrok.fr\\\/index.php\\\/2019\\\/04\\\/26\\\/marche-de-createurs-a-la-bauche-le-28-avril-2019\\\/\"]}]},{\"@type\":\"ImageObject\",\"inLanguage\":\"fr-FR\",\"@id\":\"https:\\\/\\\/plumedeciel-leelybrok.fr\\\/index.php\\\/2019\\\/04\\\/26\\\/marche-de-createurs-a-la-bauche-le-28-avril-2019\\\/#primaryimage\",\"url\":\"https:\\\/\\\/plumedeciel-leelybrok.fr\\\/wp-content\\\/uploads\\\/2019\\\/04\\\/fullsizeoutput_ee5.jpeg\",\"contentUrl\":\"https:\\\/\\\/plumedeciel-leelybrok.fr\\\/wp-content\\\/uploads\\\/2019\\\/04\\\/fullsizeoutput_ee5.jpeg\",\"width\":1486,\"height\":1035},{\"@type\":\"BreadcrumbList\",\"@id\":\"https:\\\/\\\/plumedeciel-leelybrok.fr\\\/index.php\\\/2019\\\/04\\\/26\\\/marche-de-createurs-a-la-bauche-le-28-avril-2019\\\/#breadcrumb\",\"itemListElement\":[{\"@type\":\"ListItem\",\"position\":1,\"name\":\"Accueil\",\"item\":\"https:\\\/\\\/plumedeciel-leelybrok.fr\\\/\"},{\"@type\":\"ListItem\",\"position\":2,\"name\":\"March\u00e9 de cr\u00e9ateurs \u00e0 la Bauche le 28 avril 2019\"}]},{\"@type\":\"WebSite\",\"@id\":\"https:\\\/\\\/plumedeciel-leelybrok.fr\\\/#website\",\"url\":\"https:\\\/\\\/plumedeciel-leelybrok.fr\\\/\",\"name\":\"Plume de Ciel\",\"description\":\"Par Lee Ly Brok\",\"publisher\":{\"@id\":\"https:\\\/\\\/plumedeciel-leelybrok.fr\\\/#organization\"},\"potentialAction\":[{\"@type\":\"SearchAction\",\"target\":{\"@type\":\"EntryPoint\",\"urlTemplate\":\"https:\\\/\\\/plumedeciel-leelybrok.fr\\\/?s={search_term_string}\"},\"query-input\":{\"@type\":\"PropertyValueSpecification\",\"valueRequired\":true,\"valueName\":\"search_term_string\"}}],\"inLanguage\":\"fr-FR\"},{\"@type\":\"Organization\",\"@id\":\"https:\\\/\\\/plumedeciel-leelybrok.fr\\\/#organization\",\"name\":\"Plume de ciel\",\"url\":\"https:\\\/\\\/plumedeciel-leelybrok.fr\\\/\",\"logo\":{\"@type\":\"ImageObject\",\"inLanguage\":\"fr-FR\",\"@id\":\"https:\\\/\\\/plumedeciel-leelybrok.fr\\\/#\\\/schema\\\/logo\\\/image\\\/\",\"url\":\"https:\\\/\\\/plumedeciel-leelybrok.fr\\\/wp-content\\\/uploads\\\/2019\\\/04\\\/fullsizeoutput_10c2-793x1024.jpeg\",\"contentUrl\":\"https:\\\/\\\/plumedeciel-leelybrok.fr\\\/wp-content\\\/uploads\\\/2019\\\/04\\\/fullsizeoutput_10c2-793x1024.jpeg\",\"width\":793,\"height\":1024,\"caption\":\"Plume de ciel\"},\"image\":{\"@id\":\"https:\\\/\\\/plumedeciel-leelybrok.fr\\\/#\\\/schema\\\/logo\\\/image\\\/\"},\"sameAs\":[\"https:\\\/\\\/www.facebook.com\\\/leelybrok\\\/\"]},{\"@type\":\"Person\",\"@id\":\"https:\\\/\\\/plumedeciel-leelybrok.fr\\\/#\\\/schema\\\/person\\\/6c2c968b9bb2c06af5965a8a3aa8e15d\",\"name\":\"leelybrok\",\"image\":{\"@type\":\"ImageObject\",\"inLanguage\":\"fr-FR\",\"@id\":\"https:\\\/\\\/secure.gravatar.com\\\/avatar\\\/f98271252620129f44f4cedd470f94501a25f29109d64eac324be7137cc536b3?s=96&d=mm&r=g\",\"url\":\"https:\\\/\\\/secure.gravatar.com\\\/avatar\\\/f98271252620129f44f4cedd470f94501a25f29109d64eac324be7137cc536b3?s=96&d=mm&r=g\",\"contentUrl\":\"https:\\\/\\\/secure.gravatar.com\\\/avatar\\\/f98271252620129f44f4cedd470f94501a25f29109d64eac324be7137cc536b3?s=96&d=mm&r=g\",\"caption\":\"leelybrok\"}}]}<\/script>\n<!-- \/ Yoast SEO plugin. -->","yoast_head_json":{"title":"March\u00e9 de cr\u00e9ateurs \u00e0 la Bauche le 28 avril 2019 - PLUME de CIEL","robots":{"index":"index","follow":"follow","max-snippet":"max-snippet:-1","max-image-preview":"max-image-preview:large","max-video-preview":"max-video-preview:-1"},"canonical":"https:\/\/plumedeciel-leelybrok.fr\/index.php\/2019\/04\/26\/marche-de-createurs-a-la-bauche-le-28-avril-2019\/","og_locale":"fr_FR","og_type":"article","og_title":"March\u00e9 de cr\u00e9ateurs \u00e0 la Bauche le 28 avril 2019 - PLUME de CIEL","og_description":"Une quinzaine de petites b\u00eates en laine feutr\u00e9e \u00e0 l&rsquo;aiguille, quelques mobiles chouettes \u2026 et en route pour la Bauche !","og_url":"https:\/\/plumedeciel-leelybrok.fr\/index.php\/2019\/04\/26\/marche-de-createurs-a-la-bauche-le-28-avril-2019\/","og_site_name":"PLUME de CIEL","article_publisher":"https:\/\/www.facebook.com\/leelybrok\/","article_published_time":"2019-04-26T17:47:03+00:00","article_modified_time":"2019-04-26T17:48:48+00:00","og_image":[{"width":1486,"height":1035,"url":"https:\/\/plumedeciel-leelybrok.fr\/wp-content\/uploads\/2019\/04\/fullsizeoutput_ee5.jpeg","type":"image\/jpeg"}],"author":"leelybrok","twitter_card":"summary_large_image","twitter_misc":{"\u00c9crit par":"leelybrok"},"schema":{"@context":"https:\/\/schema.org","@graph":[{"@type":"Article","@id":"https:\/\/plumedeciel-leelybrok.fr\/index.php\/2019\/04\/26\/marche-de-createurs-a-la-bauche-le-28-avril-2019\/#article","isPartOf":{"@id":"https:\/\/plumedeciel-leelybrok.fr\/index.php\/2019\/04\/26\/marche-de-createurs-a-la-bauche-le-28-avril-2019\/"},"author":{"name":"leelybrok","@id":"https:\/\/plumedeciel-leelybrok.fr\/#\/schema\/person\/6c2c968b9bb2c06af5965a8a3aa8e15d"},"headline":"March\u00e9 de cr\u00e9ateurs \u00e0 la Bauche le 28 avril 2019","datePublished":"2019-04-26T17:47:03+00:00","dateModified":"2019-04-26T17:48:48+00:00","mainEntityOfPage":{"@id":"https:\/\/plumedeciel-leelybrok.fr\/index.php\/2019\/04\/26\/marche-de-createurs-a-la-bauche-le-28-avril-2019\/"},"wordCount":29,"commentCount":0,"publisher":{"@id":"https:\/\/plumedeciel-leelybrok.fr\/#organization"},"image":{"@id":"https:\/\/plumedeciel-leelybrok.fr\/index.php\/2019\/04\/26\/marche-de-createurs-a-la-bauche-le-28-avril-2019\/#primaryimage"},"thumbnailUrl":"http:\/\/plumedeciel-leelybrok.fr\/wp-content\/uploads\/2019\/04\/fullsizeoutput_ee5-300x209.jpeg","inLanguage":"fr-FR","potentialAction":[{"@type":"CommentAction","name":"Comment","target":["https:\/\/plumedeciel-leelybrok.fr\/index.php\/2019\/04\/26\/marche-de-createurs-a-la-bauche-le-28-avril-2019\/#respond"]}]},{"@type":"WebPage","@id":"https:\/\/plumedeciel-leelybrok.fr\/index.php\/2019\/04\/26\/marche-de-createurs-a-la-bauche-le-28-avril-2019\/","url":"https:\/\/plumedeciel-leelybrok.fr\/index.php\/2019\/04\/26\/marche-de-createurs-a-la-bauche-le-28-avril-2019\/","name":"March\u00e9 de cr\u00e9ateurs \u00e0 la Bauche le 28 avril 2019 - PLUME de CIEL","isPartOf":{"@id":"https:\/\/plumedeciel-leelybrok.fr\/#website"},"primaryImageOfPage":{"@id":"https:\/\/plumedeciel-leelybrok.fr\/index.php\/2019\/04\/26\/marche-de-createurs-a-la-bauche-le-28-avril-2019\/#primaryimage"},"image":{"@id":"https:\/\/plumedeciel-leelybrok.fr\/index.php\/2019\/04\/26\/marche-de-createurs-a-la-bauche-le-28-avril-2019\/#primaryimage"},"thumbnailUrl":"http:\/\/plumedeciel-leelybrok.fr\/wp-content\/uploads\/2019\/04\/fullsizeoutput_ee5-300x209.jpeg","datePublished":"2019-04-26T17:47:03+00:00","dateModified":"2019-04-26T17:48:48+00:00","breadcrumb":{"@id":"https:\/\/plumedeciel-leelybrok.fr\/index.php\/2019\/04\/26\/marche-de-createurs-a-la-bauche-le-28-avril-2019\/#breadcrumb"},"inLanguage":"fr-FR","potentialAction":[{"@type":"ReadAction","target":["https:\/\/plumedeciel-leelybrok.fr\/index.php\/2019\/04\/26\/marche-de-createurs-a-la-bauche-le-28-avril-2019\/"]}]},{"@type":"ImageObject","inLanguage":"fr-FR","@id":"https:\/\/plumedeciel-leelybrok.fr\/index.php\/2019\/04\/26\/marche-de-createurs-a-la-bauche-le-28-avril-2019\/#primaryimage","url":"https:\/\/plumedeciel-leelybrok.fr\/wp-content\/uploads\/2019\/04\/fullsizeoutput_ee5.jpeg","contentUrl":"https:\/\/plumedeciel-leelybrok.fr\/wp-content\/uploads\/2019\/04\/fullsizeoutput_ee5.jpeg","width":1486,"height":1035},{"@type":"BreadcrumbList","@id":"https:\/\/plumedeciel-leelybrok.fr\/index.php\/2019\/04\/26\/marche-de-createurs-a-la-bauche-le-28-avril-2019\/#breadcrumb","itemListElement":[{"@type":"ListItem","position":1,"name":"Accueil","item":"https:\/\/plumedeciel-leelybrok.fr\/"},{"@type":"ListItem","position":2,"name":"March\u00e9 de cr\u00e9ateurs \u00e0 la Bauche le 28 avril 2019"}]},{"@type":"WebSite","@id":"https:\/\/plumedeciel-leelybrok.fr\/#website","url":"https:\/\/plumedeciel-leelybrok.fr\/","name":"Plume de Ciel","description":"Par Lee Ly Brok","publisher":{"@id":"https:\/\/plumedeciel-leelybrok.fr\/#organization"},"potentialAction":[{"@type":"SearchAction","target":{"@type":"EntryPoint","urlTemplate":"https:\/\/plumedeciel-leelybrok.fr\/?s={search_term_string}"},"query-input":{"@type":"PropertyValueSpecification","valueRequired":true,"valueName":"search_term_string"}}],"inLanguage":"fr-FR"},{"@type":"Organization","@id":"https:\/\/plumedeciel-leelybrok.fr\/#organization","name":"Plume de ciel","url":"https:\/\/plumedeciel-leelybrok.fr\/","logo":{"@type":"ImageObject","inLanguage":"fr-FR","@id":"https:\/\/plumedeciel-leelybrok.fr\/#\/schema\/logo\/image\/","url":"https:\/\/plumedeciel-leelybrok.fr\/wp-content\/uploads\/2019\/04\/fullsizeoutput_10c2-793x1024.jpeg","contentUrl":"https:\/\/plumedeciel-leelybrok.fr\/wp-content\/uploads\/2019\/04\/fullsizeoutput_10c2-793x1024.jpeg","width":793,"height":1024,"caption":"Plume de ciel"},"image":{"@id":"https:\/\/plumedeciel-leelybrok.fr\/#\/schema\/logo\/image\/"},"sameAs":["https:\/\/www.facebook.com\/leelybrok\/"]},{"@type":"Person","@id":"https:\/\/plumedeciel-leelybrok.fr\/#\/schema\/person\/6c2c968b9bb2c06af5965a8a3aa8e15d","name":"leelybrok","image":{"@type":"ImageObject","inLanguage":"fr-FR","@id":"https:\/\/secure.gravatar.com\/avatar\/f98271252620129f44f4cedd470f94501a25f29109d64eac324be7137cc536b3?s=96&d=mm&r=g","url":"https:\/\/secure.gravatar.com\/avatar\/f98271252620129f44f4cedd470f94501a25f29109d64eac324be7137cc536b3?s=96&d=mm&r=g","contentUrl":"https:\/\/secure.gravatar.com\/avatar\/f98271252620129f44f4cedd470f94501a25f29109d64eac324be7137cc536b3?s=96&d=mm&r=g","caption":"leelybrok"}}]}},"_links":{"self":[{"href":"https:\/\/plumedeciel-leelybrok.fr\/index.php\/wp-json\/wp\/v2\/posts\/294","targetHints":{"allow":["GET"]}}],"collection":[{"href":"https:\/\/plumedeciel-leelybrok.fr\/index.php\/wp-json\/wp\/v2\/posts"}],"about":[{"href":"https:\/\/plumedeciel-leelybrok.fr\/index.php\/wp-json\/wp\/v2\/types\/post"}],"author":[{"embeddable":true,"href":"https:\/\/plumedeciel-leelybrok.fr\/index.php\/wp-json\/wp\/v2\/users\/1"}],"replies":[{"embeddable":true,"href":"https:\/\/plumedeciel-leelybrok.fr\/index.php\/wp-json\/wp\/v2\/comments?post=294"}],"version-history":[{"count":3,"href":"https:\/\/plumedeciel-leelybrok.fr\/index.php\/wp-json\/wp\/v2\/posts\/294\/revisions"}],"predecessor-version":[{"id":299,"href":"https:\/\/plumedeciel-leelybrok.fr\/index.php\/wp-json\/wp\/v2\/posts\/294\/revisions\/299"}],"wp:attachment":[{"href":"https:\/\/plumedeciel-leelybrok.fr\/index.php\/wp-json\/wp\/v2\/media?parent=294"}],"wp:term":[{"taxonomy":"category","embeddable":true,"href":"https:\/\/plumedeciel-leelybrok.fr\/index.php\/wp-json\/wp\/v2\/categories?post=294"},{"taxonomy":"post_tag","embeddable":true,"href":"https:\/\/plumedeciel-leelybrok.fr\/index.php\/wp-json\/wp\/v2\/tags?post=294"}],"curies":[{"name":"wp","href":"https:\/\/api.w.org\/{rel}","templated":true}]}}